{"id":17275,"date":"2026-04-07T13:38:19","date_gmt":"2026-04-07T13:38:19","guid":{"rendered":"https:\/\/4087nacional.edu.ar\/escuela\/?p=17275"},"modified":"2026-04-22T13:54:57","modified_gmt":"2026-04-22T13:54:57","slug":"07-de-abril-dia-mundial-de-la-salud","status":"publish","type":"post","link":"https:\/\/4087nacional.edu.ar\/escuela\/07-de-abril-dia-mundial-de-la-salud\/","title":{"rendered":"07 de abril &#8211; D\u00eda Mundial de la Salud"},"content":{"rendered":"\n<p>En el marco de esta fecha tan significativa, se llev\u00f3 a cabo en nuestra instituci\u00f3n una jornada de reflexi\u00f3n y concientizaci\u00f3n sobre el cuidado integral de la salud.<\/p>\n\n\n\n<p>Agradecemos muy especialmente la valiosa charla informativa brindada por la Lic. en Nutrici\u00f3n Johana Tol\u00fa, quien comparti\u00f3 conocimientos fundamentales para promover h\u00e1bitos saludables en nuestra comunidad educativa.<\/p>\n\n\n\n<p>Asimismo, destacamos y agradecemos las actividades desarrolladas por Cruz Roja Argentina \u2013 Filial San Rafael, que enriquecieron la jornada con propuestas participativas y formativas para nuestros estudiantes.<\/p>\n\n\n\n<p>Felicitamos a docentes y alumnos del Bachiller en Ciencias Naturales por la organizaci\u00f3n y el compromiso demostrado. Profesores Mart\u00edn, Stocovaz,<\/p>\n\n\n\n<p>Lorena, Rubio, Claudia, Gallardo<\/p>\n\n\n\n<p>Yamina, Mart\u00ednez, Cecilia Quiles, Lautaro Atencio, Pamela L\u00f3pez, Paulina Campi y en especial a la Coordinadora Prof. Samira Su\u00e1rez.<\/p>\n\n\n\n<p>Seguimos construyendo una escuela que promueve la salud, el conocimiento y el bienestar colectivo.<\/p>\n\n\n\n<figure class=\"wp-block-video\"><video height=\"1280\" style=\"aspect-ratio: 720 \/ 1280;\" width=\"720\" controls src=\"https:\/\/4087nacional.edu.ar\/escuela\/wp-content\/uploads\/2026\/04\/AQPbCkLHaX784TtvnWECPNEg0wD9PqjuR-cXD6wGD133UGUBrpYzKVdFnWA-vcW6OxwqdhxAVMWMgRDDRDtYbZWso7SerWXK28BJJnapEpsnKg.mp4\"><\/video><\/figure>\n","protected":false},"excerpt":{"rendered":"<p>En el marco de esta fecha tan significativa, se llev\u00f3<\/p>\n","protected":false},"author":2,"featured_media":17278,"comment_status":"closed","ping_status":"closed","sticky":false,"template":"","format":"standard","meta":{"footnotes":""},"categories":[7],"tags":[],"class_list":["post-17275","post","type-post","status-publish","format-standard","has-post-thumbnail","hentry","category-ciencias-naturales"],"_links":{"self":[{"href":"https:\/\/4087nacional.edu.ar\/escuela\/wp-json\/wp\/v2\/posts\/17275","targetHints":{"allow":["GET"]}}],"collection":[{"href":"https:\/\/4087nacional.edu.ar\/escuela\/wp-json\/wp\/v2\/posts"}],"about":[{"href":"https:\/\/4087nacional.edu.ar\/escuela\/wp-json\/wp\/v2\/types\/post"}],"author":[{"embeddable":true,"href":"https:\/\/4087nacional.edu.ar\/escuela\/wp-json\/wp\/v2\/users\/2"}],"replies":[{"embeddable":true,"href":"https:\/\/4087nacional.edu.ar\/escuela\/wp-json\/wp\/v2\/comments?post=17275"}],"version-history":[{"count":1,"href":"https:\/\/4087nacional.edu.ar\/escuela\/wp-json\/wp\/v2\/posts\/17275\/revisions"}],"predecessor-version":[{"id":17279,"href":"https:\/\/4087nacional.edu.ar\/escuela\/wp-json\/wp\/v2\/posts\/17275\/revisions\/17279"}],"wp:featuredmedia":[{"embeddable":true,"href":"https:\/\/4087nacional.edu.ar\/escuela\/wp-json\/wp\/v2\/media\/17278"}],"wp:attachment":[{"href":"https:\/\/4087nacional.edu.ar\/escuela\/wp-json\/wp\/v2\/media?parent=17275"}],"wp:term":[{"taxonomy":"category","embeddable":true,"href":"https:\/\/4087nacional.edu.ar\/escuela\/wp-json\/wp\/v2\/categories?post=17275"},{"taxonomy":"post_tag","embeddable":true,"href":"https:\/\/4087nacional.edu.ar\/escuela\/wp-json\/wp\/v2\/tags?post=17275"}],"curies":[{"name":"wp","href":"https:\/\/api.w.org\/{rel}","templated":true}]}}