{"id":17271,"date":"2026-04-01T13:17:43","date_gmt":"2026-04-01T13:17:43","guid":{"rendered":"https:\/\/4087nacional.edu.ar\/escuela\/?p=17271"},"modified":"2026-04-22T13:24:40","modified_gmt":"2026-04-22T13:24:40","slug":"1-de-abril-acto-en-conmemoracion-del-dia-del-veterano-y-de-los-caidos-en-la-guerra-de-malvinas","status":"publish","type":"post","link":"https:\/\/4087nacional.edu.ar\/escuela\/1-de-abril-acto-en-conmemoracion-del-dia-del-veterano-y-de-los-caidos-en-la-guerra-de-malvinas\/","title":{"rendered":"1 de Abril \u2013 Acto en Conmemoraci\u00f3n del D\u00eda del Veterano y de los Ca\u00eddos en la Guerra de Malvinas"},"content":{"rendered":"\n<p>Hoy recordamos con profundo respeto a quienes defendieron nuestra soberan\u00eda en las Islas Malvinas. Honramos a los h\u00e9roes que dieron su vida y acompa\u00f1amos con gratitud a los veteranos que siguen siendo ejemplo de entrega y amor por la Patria <img loading=\"lazy\" decoding=\"async\" height=\"16\" width=\"16\" alt=\"&#x1f1e6;&#x1f1f7;\" src=\"https:\/\/static.xx.fbcdn.net\/images\/emoji.php\/v9\/t48\/1\/16\/1f1e6_1f1f7.png\"><\/p>\n\n\n\n<p>La memoria nos une, nos compromete y nos invita a seguir construyendo una Naci\u00f3n con memoria, respeto y paz.<\/p>\n\n\n\n<figure class=\"wp-block-video\"><video height=\"1280\" style=\"aspect-ratio: 720 \/ 1280;\" width=\"720\" controls src=\"https:\/\/4087nacional.edu.ar\/escuela\/wp-content\/uploads\/2026\/04\/AQNQTF13FcpFko2iPzXsgLhVW1Jj2hVLyAap3wzjwAg9DXpVxYAAzr-sTt_b5_8hJBAmv-ni4FeAyyw5n_KLuUzWPnL62MTj1TnypstpVG7bTw.mp4\"><\/video><\/figure>\n","protected":false},"excerpt":{"rendered":"<p>Hoy recordamos con profundo respeto a quienes defendieron nuestra soberan\u00eda<\/p>\n","protected":false},"author":2,"featured_media":17272,"comment_status":"closed","ping_status":"closed","sticky":false,"template":"","format":"standard","meta":{"footnotes":""},"categories":[5,4],"tags":[],"class_list":["post-17271","post","type-post","status-publish","format-standard","has-post-thumbnail","hentry","category-institucional","category-noticias"],"_links":{"self":[{"href":"https:\/\/4087nacional.edu.ar\/escuela\/wp-json\/wp\/v2\/posts\/17271","targetHints":{"allow":["GET"]}}],"collection":[{"href":"https:\/\/4087nacional.edu.ar\/escuela\/wp-json\/wp\/v2\/posts"}],"about":[{"href":"https:\/\/4087nacional.edu.ar\/escuela\/wp-json\/wp\/v2\/types\/post"}],"author":[{"embeddable":true,"href":"https:\/\/4087nacional.edu.ar\/escuela\/wp-json\/wp\/v2\/users\/2"}],"replies":[{"embeddable":true,"href":"https:\/\/4087nacional.edu.ar\/escuela\/wp-json\/wp\/v2\/comments?post=17271"}],"version-history":[{"count":1,"href":"https:\/\/4087nacional.edu.ar\/escuela\/wp-json\/wp\/v2\/posts\/17271\/revisions"}],"predecessor-version":[{"id":17274,"href":"https:\/\/4087nacional.edu.ar\/escuela\/wp-json\/wp\/v2\/posts\/17271\/revisions\/17274"}],"wp:featuredmedia":[{"embeddable":true,"href":"https:\/\/4087nacional.edu.ar\/escuela\/wp-json\/wp\/v2\/media\/17272"}],"wp:attachment":[{"href":"https:\/\/4087nacional.edu.ar\/escuela\/wp-json\/wp\/v2\/media?parent=17271"}],"wp:term":[{"taxonomy":"category","embeddable":true,"href":"https:\/\/4087nacional.edu.ar\/escuela\/wp-json\/wp\/v2\/categories?post=17271"},{"taxonomy":"post_tag","embeddable":true,"href":"https:\/\/4087nacional.edu.ar\/escuela\/wp-json\/wp\/v2\/tags?post=17271"}],"curies":[{"name":"wp","href":"https:\/\/api.w.org\/{rel}","templated":true}]}}