{"id":17259,"date":"2026-03-26T01:38:43","date_gmt":"2026-03-26T01:38:43","guid":{"rendered":"https:\/\/4087nacional.edu.ar\/escuela\/?p=17259"},"modified":"2026-04-02T01:48:18","modified_gmt":"2026-04-02T01:48:18","slug":"26-de-marzo-dia-purpura-%f0%9f%92%9c","status":"publish","type":"post","link":"https:\/\/4087nacional.edu.ar\/escuela\/26-de-marzo-dia-purpura-%f0%9f%92%9c\/","title":{"rendered":"26 de marzo \u2013 D\u00eda P\u00farpura &#x1f49c;"},"content":{"rendered":"\n<p>Nos sumamos al D\u00eda P\u00farpura, una jornada mundial de concientizaci\u00f3n sobre la EPILEPSIA. El color p\u00farpura representa el compromiso de construir una sociedad m\u00e1s informada, emp\u00e1tica e inclusiva. Hablar de epilepsia es derribar mitos, promover el respeto y acompa\u00f1ar a quienes conviven con esta condici\u00f3n. Desde nuestra instituci\u00f3n creemos que la informaci\u00f3n es una herramienta poderosa para generar comprensi\u00f3n y solidaridad. Educar tambi\u00e9n es incluir. Trabajo realizado por estudiantes de 2do 3ra y 4to 4ta. Prof. Andrea Casado Gajdosech, Cecilia<\/p>\n\n\n\n<p><\/p>\n\n\n\n<figure class=\"wp-block-video\"><video height=\"638\" style=\"aspect-ratio: 848 \/ 638;\" width=\"848\" controls src=\"https:\/\/4087nacional.edu.ar\/escuela\/wp-content\/uploads\/2026\/04\/AQOqkmemPgmTf2bCoJCB7PNEk7nfio_TQ6TNpR-kfp7TzndP6hBiteWWMkOXTqKbgjj0D31SxcAUGtzRtnSns4OnyZzbdsY_O3sp_F8kq5lUEw.mp4\"><\/video><\/figure>\n","protected":false},"excerpt":{"rendered":"<p>Nos sumamos al D\u00eda P\u00farpura, una jornada mundial de concientizaci\u00f3n<\/p>\n","protected":false},"author":2,"featured_media":17261,"comment_status":"closed","ping_status":"closed","sticky":false,"template":"","format":"standard","meta":{"footnotes":""},"categories":[4],"tags":[],"class_list":["post-17259","post","type-post","status-publish","format-standard","has-post-thumbnail","hentry","category-noticias"],"_links":{"self":[{"href":"https:\/\/4087nacional.edu.ar\/escuela\/wp-json\/wp\/v2\/posts\/17259","targetHints":{"allow":["GET"]}}],"collection":[{"href":"https:\/\/4087nacional.edu.ar\/escuela\/wp-json\/wp\/v2\/posts"}],"about":[{"href":"https:\/\/4087nacional.edu.ar\/escuela\/wp-json\/wp\/v2\/types\/post"}],"author":[{"embeddable":true,"href":"https:\/\/4087nacional.edu.ar\/escuela\/wp-json\/wp\/v2\/users\/2"}],"replies":[{"embeddable":true,"href":"https:\/\/4087nacional.edu.ar\/escuela\/wp-json\/wp\/v2\/comments?post=17259"}],"version-history":[{"count":1,"href":"https:\/\/4087nacional.edu.ar\/escuela\/wp-json\/wp\/v2\/posts\/17259\/revisions"}],"predecessor-version":[{"id":17262,"href":"https:\/\/4087nacional.edu.ar\/escuela\/wp-json\/wp\/v2\/posts\/17259\/revisions\/17262"}],"wp:featuredmedia":[{"embeddable":true,"href":"https:\/\/4087nacional.edu.ar\/escuela\/wp-json\/wp\/v2\/media\/17261"}],"wp:attachment":[{"href":"https:\/\/4087nacional.edu.ar\/escuela\/wp-json\/wp\/v2\/media?parent=17259"}],"wp:term":[{"taxonomy":"category","embeddable":true,"href":"https:\/\/4087nacional.edu.ar\/escuela\/wp-json\/wp\/v2\/categories?post=17259"},{"taxonomy":"post_tag","embeddable":true,"href":"https:\/\/4087nacional.edu.ar\/escuela\/wp-json\/wp\/v2\/tags?post=17259"}],"curies":[{"name":"wp","href":"https:\/\/api.w.org\/{rel}","templated":true}]}}